{"id":30928,"date":"2025-05-20T23:32:09","date_gmt":"2025-05-20T22:32:09","guid":{"rendered":"https:\/\/smartedgetech.ca\/?p=30928"},"modified":"2026-05-21T00:32:09","modified_gmt":"2026-05-20T23:32:09","slug":"decouvrez-le-festival-daredart-levenement-incontournable-de-lart-contemporain","status":"publish","type":"post","link":"https:\/\/smartedgetech.ca\/?p=30928","title":{"rendered":"D\u00e9couvrez le Festival Daredart : L&#8217;\u00e9v\u00e9nement incontournable de l&#8217;art contemporain"},"content":{"rendered":"<p>Chaque ann\u00e9e, le <a href=\"https:\/\/festival-daredart.fr\/\">festival-daredart.fr<\/a> r\u00e9unit artistes, passionn\u00e9s et curieux autour d&#8217;une c\u00e9l\u00e9bration vibrante de l&#8217;art contemporain. Ce festival unique en son genre offre une plateforme exceptionnelle pour d\u00e9couvrir des \u0153uvres innovantes, assister \u00e0 des performances en direct et participer \u00e0 des ateliers cr\u00e9atifs. Que vous soyez amateur d&#8217;art ou simple curieux, le Festival Daredart promet une exp\u00e9rience immersive et enrichissante.<\/p>\n<h2>Qu&#8217;est-ce que le Festival Daredart ?<\/h2>\n<p>Le Festival Daredart est un rendez-vous culturel majeur qui met en lumi\u00e8re les talents \u00e9mergents et confirm\u00e9s de la sc\u00e8ne artistique contemporaine. Organis\u00e9 dans plusieurs lieux embl\u00e9matiques, il propose une programmation riche et vari\u00e9e, allant des expositions aux spectacles vivants, en passant par des rencontres avec les artistes. Ce festival est une v\u00e9ritable invitation \u00e0 explorer les tendances actuelles de l&#8217;art sous toutes ses formes.<\/p>\n<h3>Les objectifs du festival<\/h3>\n<ul>\n<li>Promouvoir l&#8217;art contemporain aupr\u00e8s d&#8217;un large public.<\/li>\n<li>Offrir une visibilit\u00e9 aux artistes locaux et internationaux.<\/li>\n<li>Encourager les \u00e9changes entre cr\u00e9ateurs et visiteurs.<\/li>\n<li>Stimuler la cr\u00e9ativit\u00e9 \u00e0 travers des ateliers participatifs.<\/li>\n<li>Contribuer au dynamisme culturel de la r\u00e9gion.<\/li>\n<\/ul>\n<h2>Les temps forts du Festival Daredart<\/h2>\n<p>Le festival se distingue par une programmation riche et diversifi\u00e9e qui s\u00e9duit un public de tous \u00e2ges. Voici quelques-uns des moments cl\u00e9s \u00e0 ne pas manquer :<\/p>\n<ul>\n<li><strong>Expositions th\u00e9matiques :<\/strong> Des installations artistiques innovantes qui interrogent notre soci\u00e9t\u00e9.<\/li>\n<li><strong>Performances en direct :<\/strong> Danse, th\u00e9\u00e2tre, musique et arts visuels se m\u00ealent pour cr\u00e9er des spectacles uniques.<\/li>\n<li><strong>Ateliers cr\u00e9atifs :<\/strong> Des sessions interactives pour apprendre et exp\u00e9rimenter diff\u00e9rentes techniques artistiques.<\/li>\n<li><strong>Conf\u00e9rences et d\u00e9bats :<\/strong> Des \u00e9changes passionnants avec des experts et artistes renomm\u00e9s.<\/li>\n<li><strong>Vernissages et soir\u00e9es festives :<\/strong> Des moments conviviaux pour rencontrer les artistes et partager votre passion.<\/li>\n<\/ul>\n<h3>Programme type du festival<\/h3>\n<table border=\"1\" cellpadding=\"8\" cellspacing=\"0\">\n<caption>Exemple de programme sur une journ\u00e9e<\/caption>\n<thead>\n<tr>\n<th>Heure<\/th>\n<th>Activit\u00e9<\/th>\n<th>Lieu<\/th>\n<\/tr>\n<\/thead>\n<tbody>\n<tr>\n<td>10h00 &#8211; 12h00<\/td>\n<td>Atelier peinture abstraite<\/td>\n<td>Centre d&#8217;art contemporain<\/td>\n<\/tr>\n<tr>\n<td>13h00 &#8211; 14h30<\/td>\n<td>Conf\u00e9rence : L&#8217;art et la technologie<\/td>\n<td>Auditorium principal<\/td>\n<\/tr>\n<tr>\n<td>15h00 &#8211; 17h00<\/td>\n<td>Visite guid\u00e9e des expositions<\/td>\n<td>Galerie municipale<\/td>\n<\/tr>\n<tr>\n<td>18h00 &#8211; 20h00<\/td>\n<td>Performance live : danse contemporaine<\/td>\n<td>Th\u00e9\u00e2tre de la ville<\/td>\n<\/tr>\n<tr>\n<td>20h30 &#8211; 23h00<\/td>\n<td>Vernissage et cocktail<\/td>\n<td>Centre culturel<\/td>\n<\/tr>\n<\/tbody>\n<\/table>\n<h2>Pourquoi participer au Festival Daredart ?<\/h2>\n<p>Participer au Festival Daredart, c\u2019est s\u2019immerger dans un univers cr\u00e9atif o\u00f9 chaque visite est une d\u00e9couverte. Voici quelques raisons qui font de ce festival un \u00e9v\u00e9nement \u00e0 ne pas manquer :<\/p>\n<ul>\n<li><strong>D\u00e9couverte :<\/strong> Rencontrez des artistes innovants et explorez des \u0153uvres originales.<\/li>\n<li><strong>\u00c9change :<\/strong> Participez \u00e0 des discussions enrichissantes et partagez vos impressions.<\/li>\n<li><strong>Apprentissage :<\/strong> Profitez d\u2019ateliers pour d\u00e9velopper vos comp\u00e9tences artistiques.<\/li>\n<li><strong>Inspiration :<\/strong> Laissez-vous inspirer par la diversit\u00e9 des formes et des styles pr\u00e9sent\u00e9s.<\/li>\n<li><strong>Ambiance conviviale :<\/strong> Vivez des moments de convivialit\u00e9 et de f\u00eate autour de l\u2019art.<\/li>\n<\/ul>\n<h3>Conseils pour bien pr\u00e9parer votre visite<\/h3>\n<ul>\n<li>Consultez le programme en ligne pour choisir les activit\u00e9s qui vous int\u00e9ressent.<\/li>\n<li>R\u00e9servez vos places \u00e0 l\u2019avance pour les ateliers et spectacles populaires.<\/li>\n<li>Pr\u00e9voyez des v\u00eatements confortables pour profiter pleinement des visites et performances.<\/li>\n<li>Emportez un carnet pour noter vos impressions et id\u00e9es.<\/li>\n<li>N\u2019h\u00e9sitez pas \u00e0 poser des questions aux artistes et organisateurs pour enrichir votre exp\u00e9rience.<\/li>\n<\/ul>\n<h2>Informations pratiques<\/h2>\n<p>Le Festival Daredart se d\u00e9roule g\u00e9n\u00e9ralement au printemps, dans plusieurs lieux culturels de la ville. L\u2019acc\u00e8s est souvent gratuit ou \u00e0 tarif r\u00e9duit pour les \u00e9tudiants et les groupes. Pour ne rien manquer, il est conseill\u00e9 de suivre les r\u00e9seaux sociaux officiels et de s\u2019inscrire \u00e0 la newsletter via le site officiel.<\/p>\n<table border=\"1\" cellpadding=\"8\" cellspacing=\"0\">\n<caption>Informations cl\u00e9s du Festival Daredart<\/caption>\n<thead>\n<tr>\n<th>\u00c9l\u00e9ment<\/th>\n<th>D\u00e9tail<\/th>\n<\/tr>\n<\/thead>\n<tbody>\n<tr>\n<td>P\u00e9riode<\/td>\n<td>Printemps (avril-mai)<\/td>\n<\/tr>\n<tr>\n<td>Dur\u00e9e<\/td>\n<td>10 jours<\/td>\n<\/tr>\n<tr>\n<td>Lieu<\/td>\n<td>Multiples sites culturels en ville<\/td>\n<\/tr>\n<tr>\n<td>Tarif<\/td>\n<td>Gratuit ou tarifs r\u00e9duits selon les activit\u00e9s<\/td>\n<\/tr>\n<tr>\n<td>Public<\/td>\n<td>Tout public, familles, \u00e9tudiants, professionnels<\/td>\n<\/tr>\n<\/tbody>\n<\/table>\n<h2>Conclusion<\/h2>\n<p>Le Festival Daredart est bien plus qu\u2019un simple \u00e9v\u00e9nement artistique : c\u2019est une c\u00e9l\u00e9bration de la cr\u00e9ativit\u00e9 et de l\u2019innovation. En participant, vous contribuez \u00e0 soutenir la sc\u00e8ne artistique locale et internationale tout en vivant des moments uniques et inspirants. Pour d\u00e9couvrir la programmation compl\u00e8te et pr\u00e9parer votre visite, rendez-vous sur le site officiel du festival \u00e0 l\u2019adresse <a href=\"https:\/\/festival-daredart.fr\/\">festival-daredart.fr<\/a>. Ne manquez pas cette occasion exceptionnelle de plonger dans l\u2019univers fascinant de l\u2019art contemporain !<\/p>\n","protected":false},"excerpt":{"rendered":"<p>Chaque ann\u00e9e, le festival-daredart.fr r\u00e9unit artistes, passionn\u00e9s et curieux autour d&#8217;une c\u00e9l\u00e9bration vibrante de l&#8217;art contemporain. Ce festival unique en son genre offre une plateforme exceptionnelle pour d\u00e9couvrir des \u0153uvres innovantes, assister \u00e0 des performances en direct et participer \u00e0 des ateliers cr\u00e9atifs. Que vous soyez amateur d&#8217;art ou simple curieux, le Festival Daredart promet [&hellip;]<\/p>\n","protected":false},"author":2,"featured_media":0,"comment_status":"closed","ping_status":"open","sticky":false,"template":"","format":"standard","meta":{"footnotes":""},"categories":[1],"tags":[],"class_list":["post-30928","post","type-post","status-publish","format-standard","hentry","category-blog"],"_links":{"self":[{"href":"https:\/\/smartedgetech.ca\/index.php?rest_route=\/wp\/v2\/posts\/30928","targetHints":{"allow":["GET"]}}],"collection":[{"href":"https:\/\/smartedgetech.ca\/index.php?rest_route=\/wp\/v2\/posts"}],"about":[{"href":"https:\/\/smartedgetech.ca\/index.php?rest_route=\/wp\/v2\/types\/post"}],"author":[{"embeddable":true,"href":"https:\/\/smartedgetech.ca\/index.php?rest_route=\/wp\/v2\/users\/2"}],"replies":[{"embeddable":true,"href":"https:\/\/smartedgetech.ca\/index.php?rest_route=%2Fwp%2Fv2%2Fcomments&post=30928"}],"version-history":[{"count":1,"href":"https:\/\/smartedgetech.ca\/index.php?rest_route=\/wp\/v2\/posts\/30928\/revisions"}],"predecessor-version":[{"id":30929,"href":"https:\/\/smartedgetech.ca\/index.php?rest_route=\/wp\/v2\/posts\/30928\/revisions\/30929"}],"wp:attachment":[{"href":"https:\/\/smartedgetech.ca\/index.php?rest_route=%2Fwp%2Fv2%2Fmedia&parent=30928"}],"wp:term":[{"taxonomy":"category","embeddable":true,"href":"https:\/\/smartedgetech.ca\/index.php?rest_route=%2Fwp%2Fv2%2Fcategories&post=30928"},{"taxonomy":"post_tag","embeddable":true,"href":"https:\/\/smartedgetech.ca\/index.php?rest_route=%2Fwp%2Fv2%2Ftags&post=30928"}],"curies":[{"name":"wp","href":"https:\/\/api.w.org\/{rel}","templated":true}]}}