{"id":30916,"date":"2025-05-20T22:51:28","date_gmt":"2025-05-20T21:51:28","guid":{"rendered":"https:\/\/smartedgetech.ca\/?p=30916"},"modified":"2026-05-20T23:51:28","modified_gmt":"2026-05-20T22:51:28","slug":"le-printemps-musical-une-celebration-incontournable-de-la-musique-classique","status":"publish","type":"post","link":"https:\/\/smartedgetech.ca\/?p=30916","title":{"rendered":"Le Printemps Musical : Une C\u00e9l\u00e9bration Incontournable de la Musique Classique"},"content":{"rendered":"<p>Chaque ann\u00e9e, les amateurs de musique classique attendent avec impatience le festival du Printemps Musical, un \u00e9v\u00e9nement qui illumine la sc\u00e8ne culturelle avec des concerts d&#8217;exception, des artistes renomm\u00e9s et une programmation riche et vari\u00e9e. Ce festival, qui se d\u00e9roule dans plusieurs villes fran\u00e7aises, est une v\u00e9ritable ode \u00e0 la musique classique, offrant une exp\u00e9rience unique aux m\u00e9lomanes de tous \u00e2ges. Pour d\u00e9couvrir toutes les actualit\u00e9s et la programmation compl\u00e8te, rendez-vous sur <a href=\"https:\/\/printemps-musical.net\/\">printemps-musical.net<\/a>.<\/p>\n<h2>Origines et Histoire du Printemps Musical<\/h2>\n<p>Le Printemps Musical a vu le jour il y a plusieurs d\u00e9cennies, avec pour ambition de promouvoir la musique classique dans un cadre accessible et convivial. Depuis sa cr\u00e9ation, il a su attirer des artistes de renomm\u00e9e internationale ainsi que de jeunes talents prometteurs, cr\u00e9ant ainsi un pont entre tradition et innovation. Le festival s\u2019est progressivement impos\u00e9 comme un rendez-vous culturel majeur au printemps, saison symbolique du renouveau et de la cr\u00e9ativit\u00e9.<\/p>\n<h3>Un Festival en Expansion<\/h3>\n<p>Au fil des ann\u00e9es, le Printemps Musical a \u00e9tendu son influence en multipliant les lieux de concerts et en diversifiant les styles musicaux propos\u00e9s. De la musique baroque aux \u0153uvres contemporaines, en passant par les grandes symphonies classiques, le festival offre une palette sonore riche qui s\u00e9duit un public toujours plus large.<\/p>\n<h2>Les Temps Forts du Festival<\/h2>\n<p>Le Printemps Musical se distingue par une programmation soigneusement \u00e9labor\u00e9e, m\u00ealant concerts, r\u00e9citals, masterclasses et rencontres avec les artistes. Voici quelques-uns des temps forts que les visiteurs peuvent attendre :<\/p>\n<ul>\n<li>Concerts symphoniques avec orchestres prestigieux<\/li>\n<li>R\u00e9citals de piano et de musique de chambre<\/li>\n<li>Performances d\u2019op\u00e9ra et de musique vocale<\/li>\n<li>Ateliers p\u00e9dagogiques pour les jeunes et les d\u00e9butants<\/li>\n<li>Rencontres et conf\u00e9rences sur l\u2019histoire de la musique<\/li>\n<\/ul>\n<h3>Les Artistes \u00e0 Suivre<\/h3>\n<p>Chaque \u00e9dition du Printemps Musical met en lumi\u00e8re des artistes de renom ainsi que des jeunes prodiges. Ces musiciens, souvent issus des plus grandes \u00e9coles et conservatoires, apportent une \u00e9nergie nouvelle et une interpr\u00e9tation fra\u00eeche des \u0153uvres classiques. Les collaborations entre artistes locaux et internationaux enrichissent \u00e9galement la diversit\u00e9 musicale du festival.<\/p>\n<h2>Pourquoi Participer au Printemps Musical ?<\/h2>\n<p>Participer au Printemps Musical, c\u2019est bien plus qu\u2019assister \u00e0 un simple concert. C\u2019est plonger dans un univers o\u00f9 la musique devient un langage universel, capable de toucher les \u00e9motions les plus profondes. Le festival offre une occasion unique de d\u00e9couvrir des \u0153uvres majeures, d\u2019\u00e9changer avec des passionn\u00e9s et de vivre des moments inoubliables dans des lieux souvent historiques et charg\u00e9s d\u2019histoire.<\/p>\n<h3>Les B\u00e9n\u00e9fices Culturels et \u00c9ducatifs<\/h3>\n<p>Au-del\u00e0 du plaisir esth\u00e9tique, le Printemps Musical joue un r\u00f4le important dans la transmission du patrimoine musical. Les ateliers et masterclasses permettent aux jeunes musiciens de se perfectionner, tandis que les conf\u00e9rences offrent un \u00e9clairage enrichissant sur les contextes historiques et artistiques des \u0153uvres pr\u00e9sent\u00e9es.<\/p>\n<h2>Informations Pratiques et Programmation<\/h2>\n<p>Le festival se d\u00e9roule g\u00e9n\u00e9ralement entre mars et juin, avec une programmation qui varie chaque ann\u00e9e pour offrir toujours plus de diversit\u00e9 et de d\u00e9couvertes. Voici un aper\u00e7u des dates et lieux habituels :<\/p>\n<table border=\"1\" cellpadding=\"8\" cellspacing=\"0\">\n<caption>Calendrier et Lieux du Printemps Musical<\/caption>\n<thead>\n<tr>\n<th>Date<\/th>\n<th>Ville<\/th>\n<th>Lieu<\/th>\n<th>Type d\u2019\u00e9v\u00e9nement<\/th>\n<\/tr>\n<\/thead>\n<tbody>\n<tr>\n<td>15 mars &#8211; 20 mars<\/td>\n<td>Paris<\/td>\n<td>Th\u00e9\u00e2tre des Champs-\u00c9lys\u00e9es<\/td>\n<td>Concerts symphoniques<\/td>\n<\/tr>\n<tr>\n<td>25 mars &#8211; 30 mars<\/td>\n<td>Lyon<\/td>\n<td>Op\u00e9ra de Lyon<\/td>\n<td>R\u00e9citals et musique de chambre<\/td>\n<\/tr>\n<tr>\n<td>10 avril &#8211; 15 avril<\/td>\n<td>Strasbourg<\/td>\n<td>Palais de la Musique et des Congr\u00e8s<\/td>\n<td>Masterclasses et ateliers<\/td>\n<\/tr>\n<tr>\n<td>5 mai &#8211; 10 mai<\/td>\n<td>Nice<\/td>\n<td>Th\u00e9\u00e2tre National de Nice<\/td>\n<td>Op\u00e9ra et musique vocale<\/td>\n<\/tr>\n<\/tbody>\n<\/table>\n<h3>Comment R\u00e9server ?<\/h3>\n<p>Les billets pour le Printemps Musical sont disponibles en ligne via le site officiel du festival ainsi que sur les plateformes de billetterie partenaires. Il est conseill\u00e9 de r\u00e9server \u00e0 l\u2019avance, car les places sont souvent limit\u00e9es et tr\u00e8s demand\u00e9es. Pour plus d\u2019informations d\u00e9taill\u00e9es sur la programmation et les r\u00e9servations, consultez <a href=\"https:\/\/printemps-musical.net\/\">printemps-musical.net<\/a>.<\/p>\n<h2>Conclusion<\/h2>\n<p>Le Printemps Musical est bien plus qu\u2019un simple festival : c\u2019est une c\u00e9l\u00e9bration vibrante de la musique classique qui rassemble artistes, passionn\u00e9s et curieux autour d\u2019une m\u00eame passion. Que vous soyez un m\u00e9lomane averti ou un novice d\u00e9sireux de d\u00e9couvrir cet univers, le Printemps Musical vous promet des moments d\u2019\u00e9motion et de partage inoubliables. Ne manquez pas cette occasion unique de vivre la musique autrement, dans un cadre exceptionnel et une ambiance chaleureuse.<\/p>\n","protected":false},"excerpt":{"rendered":"<p>Chaque ann\u00e9e, les amateurs de musique classique attendent avec impatience le festival du Printemps Musical, un \u00e9v\u00e9nement qui illumine la sc\u00e8ne culturelle avec des concerts d&#8217;exception, des artistes renomm\u00e9s et une programmation riche et vari\u00e9e. Ce festival, qui se d\u00e9roule dans plusieurs villes fran\u00e7aises, est une v\u00e9ritable ode \u00e0 la musique classique, offrant une exp\u00e9rience [&hellip;]<\/p>\n","protected":false},"author":2,"featured_media":0,"comment_status":"closed","ping_status":"open","sticky":false,"template":"","format":"standard","meta":{"footnotes":""},"categories":[1],"tags":[],"class_list":["post-30916","post","type-post","status-publish","format-standard","hentry","category-blog"],"_links":{"self":[{"href":"https:\/\/smartedgetech.ca\/index.php?rest_route=\/wp\/v2\/posts\/30916","targetHints":{"allow":["GET"]}}],"collection":[{"href":"https:\/\/smartedgetech.ca\/index.php?rest_route=\/wp\/v2\/posts"}],"about":[{"href":"https:\/\/smartedgetech.ca\/index.php?rest_route=\/wp\/v2\/types\/post"}],"author":[{"embeddable":true,"href":"https:\/\/smartedgetech.ca\/index.php?rest_route=\/wp\/v2\/users\/2"}],"replies":[{"embeddable":true,"href":"https:\/\/smartedgetech.ca\/index.php?rest_route=%2Fwp%2Fv2%2Fcomments&post=30916"}],"version-history":[{"count":1,"href":"https:\/\/smartedgetech.ca\/index.php?rest_route=\/wp\/v2\/posts\/30916\/revisions"}],"predecessor-version":[{"id":30917,"href":"https:\/\/smartedgetech.ca\/index.php?rest_route=\/wp\/v2\/posts\/30916\/revisions\/30917"}],"wp:attachment":[{"href":"https:\/\/smartedgetech.ca\/index.php?rest_route=%2Fwp%2Fv2%2Fmedia&parent=30916"}],"wp:term":[{"taxonomy":"category","embeddable":true,"href":"https:\/\/smartedgetech.ca\/index.php?rest_route=%2Fwp%2Fv2%2Fcategories&post=30916"},{"taxonomy":"post_tag","embeddable":true,"href":"https:\/\/smartedgetech.ca\/index.php?rest_route=%2Fwp%2Fv2%2Ftags&post=30916"}],"curies":[{"name":"wp","href":"https:\/\/api.w.org\/{rel}","templated":true}]}}