{"id":30625,"date":"2025-05-20T07:41:04","date_gmt":"2025-05-20T06:41:04","guid":{"rendered":"https:\/\/smartedgetech.ca\/?p=30625"},"modified":"2026-05-20T08:41:04","modified_gmt":"2026-05-20T07:41:04","slug":"decouvrez-le-jazz-a-roquefere-un-voyage-musical-unique","status":"publish","type":"post","link":"https:\/\/smartedgetech.ca\/?p=30625","title":{"rendered":"D\u00e9couvrez le Jazz \u00e0 Roquef\u00e8re : Un Voyage Musical Unique"},"content":{"rendered":"<p>Le jazz est un genre musical riche en histoire et en \u00e9motions, qui continue de captiver les m\u00e9lomanes du monde entier. \u00c0 Roquef\u00e8re, petit village nich\u00e9 dans les montagnes, le jazz trouve un \u00e9cho particulier gr\u00e2ce \u00e0 une sc\u00e8ne locale dynamique et \u00e0 des \u00e9v\u00e9nements culturels qui c\u00e9l\u00e8brent cette musique intemporelle. Que vous soyez un amateur de jazz confirm\u00e9 ou simplement curieux de d\u00e9couvrir ce style, Roquef\u00e8re offre une exp\u00e9rience musicale authentique et m\u00e9morable.<\/p>\n<p>Pour en savoir plus sur les \u00e9v\u00e9nements, les concerts et les artistes qui font vibrer Roquef\u00e8re, visitez le site officiel <a href=\"https:\/\/jazz-roquefere.com\/\">https:\/\/jazz-roquefere.com\/<\/a>. Vous y trouverez toutes les informations n\u00e9cessaires pour planifier votre visite et profiter pleinement de cette ambiance unique.<\/p>\n<h2>L\u2019histoire du jazz \u00e0 Roquef\u00e8re<\/h2>\n<p>Le jazz est arriv\u00e9 \u00e0 Roquef\u00e8re dans les ann\u00e9es 1960 gr\u00e2ce \u00e0 des musiciens itin\u00e9rants qui ont choisi ce village comme lieu de r\u00e9sidence ou de passage. Depuis, la tradition s\u2019est perp\u00e9tu\u00e9e avec la cr\u00e9ation de festivals annuels et de clubs de jazz locaux. Ces initiatives ont permis d\u2019ancrer le jazz dans la culture roquef\u00e9roise, faisant de ce village un point de rencontre incontournable pour les passionn\u00e9s de musique.<\/p>\n<h3>Les premiers festivals de jazz<\/h3>\n<p>Le premier festival de jazz de Roquef\u00e8re a vu le jour en 1975. Depuis, il attire chaque \u00e9t\u00e9 des artistes renomm\u00e9s ainsi que des talents \u00e9mergents. Ce festival est devenu un rendez-vous culturel majeur, offrant une programmation vari\u00e9e qui va du jazz traditionnel au jazz contemporain.<\/p>\n<h2>Les lieux incontournables pour \u00e9couter du jazz \u00e0 Roquef\u00e8re<\/h2>\n<p>Roquef\u00e8re regorge de lieux o\u00f9 la musique jazz r\u00e9sonne toute l\u2019ann\u00e9e. Voici quelques-uns des endroits les plus appr\u00e9ci\u00e9s :<\/p>\n<ul>\n<li><strong>Le Caf\u00e9 des Artistes :<\/strong> Un lieu convivial o\u00f9 les concerts de jazz sont r\u00e9guliers, souvent accompagn\u00e9s de d\u00e9gustations de produits locaux.<\/li>\n<li><strong>La Salle des F\u00eates :<\/strong> Principalement utilis\u00e9e pour les grands concerts et festivals, elle offre une acoustique parfaite pour les performances live.<\/li>\n<li><strong>Le Jardin Musical :<\/strong> Un espace en plein air o\u00f9 des jam sessions improvis\u00e9es animent les soir\u00e9es d\u2019\u00e9t\u00e9.<\/li>\n<\/ul>\n<h3>Pourquoi choisir Roquef\u00e8re pour votre exp\u00e9rience jazz ?<\/h3>\n<p>Au-del\u00e0 de la musique, Roquef\u00e8re s\u00e9duit par son cadre naturel exceptionnel et son atmosph\u00e8re chaleureuse. Le village offre une immersion totale dans la culture locale, avec des h\u00e9bergements typiques, une gastronomie savoureuse et des habitants passionn\u00e9s par leur patrimoine musical.<\/p>\n<h2>Programme annuel des \u00e9v\u00e9nements jazz \u00e0 Roquef\u00e8re<\/h2>\n<p>Pour mieux organiser votre s\u00e9jour, voici un aper\u00e7u des principaux \u00e9v\u00e9nements jazz qui rythment l\u2019ann\u00e9e \u00e0 Roquef\u00e8re :<\/p>\n<table border=\"1\" cellpadding=\"8\" cellspacing=\"0\">\n<caption>Calendrier des \u00e9v\u00e9nements jazz \u00e0 Roquef\u00e8re<\/caption>\n<thead>\n<tr>\n<th>Mois<\/th>\n<th>\u00c9v\u00e9nement<\/th>\n<th>Description<\/th>\n<th>Lieu<\/th>\n<\/tr>\n<\/thead>\n<tbody>\n<tr>\n<td>Avril<\/td>\n<td>Jazz au Printemps<\/td>\n<td>Concerts d\u2019ouverture avec des artistes locaux et r\u00e9gionaux.<\/td>\n<td>Caf\u00e9 des Artistes<\/td>\n<\/tr>\n<tr>\n<td>Juillet<\/td>\n<td>Festival d\u2019\u00c9t\u00e9<\/td>\n<td>Festival principal avec une programmation internationale.<\/td>\n<td>Salle des F\u00eates<\/td>\n<\/tr>\n<tr>\n<td>Ao\u00fbt<\/td>\n<td>Jam Sessions en Plein Air<\/td>\n<td>Sessions improvis\u00e9es dans le Jardin Musical.<\/td>\n<td>Jardin Musical<\/td>\n<\/tr>\n<tr>\n<td>Novembre<\/td>\n<td>Jazz et Gastronomie<\/td>\n<td>Soir\u00e9es combinant concerts et d\u00e9gustations culinaires.<\/td>\n<td>Caf\u00e9 des Artistes<\/td>\n<\/tr>\n<\/tbody>\n<\/table>\n<h2>Conseils pour profiter pleinement de votre visite jazz \u00e0 Roquef\u00e8re<\/h2>\n<p>Pour vivre une exp\u00e9rience inoubliable, voici quelques recommandations :<\/p>\n<ul>\n<li><strong>R\u00e9servez vos billets \u00e0 l\u2019avance :<\/strong> Les concerts et festivals attirent beaucoup de monde, il est donc conseill\u00e9 de r\u00e9server t\u00f4t.<\/li>\n<li><strong>Explorez le village :<\/strong> Profitez de votre s\u00e9jour pour d\u00e9couvrir les ruelles pittoresques et les paysages environnants.<\/li>\n<li><strong>Participez aux ateliers :<\/strong> Certains \u00e9v\u00e9nements proposent des ateliers de musique pour tous les \u00e2ges, une occasion unique d\u2019apprendre et de s\u2019amuser.<\/li>\n<li><strong>Go\u00fbtez la cuisine locale :<\/strong> Les restaurants et caf\u00e9s de Roquef\u00e8re offrent des sp\u00e9cialit\u00e9s r\u00e9gionales qui compl\u00e8tent parfaitement l\u2019ambiance musicale.<\/li>\n<\/ul>\n<h3>En r\u00e9sum\u00e9<\/h3>\n<p>Roquef\u00e8re est une destination de choix pour les amateurs de jazz souhaitant allier passion musicale et d\u00e9couverte culturelle. Gr\u00e2ce \u00e0 une programmation riche, des lieux authentiques et une atmosph\u00e8re conviviale, ce village vous invite \u00e0 un voyage sonore inoubliable. N\u2019h\u00e9sitez pas \u00e0 consulter <a href=\"https:\/\/jazz-roquefere.com\/\">https:\/\/jazz-roquefere.com\/<\/a> pour rester inform\u00e9 des derni\u00e8res actualit\u00e9s et pr\u00e9parer votre visite dans les meilleures conditions.<\/p>\n","protected":false},"excerpt":{"rendered":"<p>Le jazz est un genre musical riche en histoire et en \u00e9motions, qui continue de captiver les m\u00e9lomanes du monde entier. \u00c0 Roquef\u00e8re, petit village nich\u00e9 dans les montagnes, le jazz trouve un \u00e9cho particulier gr\u00e2ce \u00e0 une sc\u00e8ne locale dynamique et \u00e0 des \u00e9v\u00e9nements culturels qui c\u00e9l\u00e8brent cette musique intemporelle. Que vous soyez un [&hellip;]<\/p>\n","protected":false},"author":2,"featured_media":0,"comment_status":"closed","ping_status":"open","sticky":false,"template":"","format":"standard","meta":{"footnotes":""},"categories":[1],"tags":[],"class_list":["post-30625","post","type-post","status-publish","format-standard","hentry","category-blog"],"_links":{"self":[{"href":"https:\/\/smartedgetech.ca\/index.php?rest_route=\/wp\/v2\/posts\/30625","targetHints":{"allow":["GET"]}}],"collection":[{"href":"https:\/\/smartedgetech.ca\/index.php?rest_route=\/wp\/v2\/posts"}],"about":[{"href":"https:\/\/smartedgetech.ca\/index.php?rest_route=\/wp\/v2\/types\/post"}],"author":[{"embeddable":true,"href":"https:\/\/smartedgetech.ca\/index.php?rest_route=\/wp\/v2\/users\/2"}],"replies":[{"embeddable":true,"href":"https:\/\/smartedgetech.ca\/index.php?rest_route=%2Fwp%2Fv2%2Fcomments&post=30625"}],"version-history":[{"count":1,"href":"https:\/\/smartedgetech.ca\/index.php?rest_route=\/wp\/v2\/posts\/30625\/revisions"}],"predecessor-version":[{"id":30626,"href":"https:\/\/smartedgetech.ca\/index.php?rest_route=\/wp\/v2\/posts\/30625\/revisions\/30626"}],"wp:attachment":[{"href":"https:\/\/smartedgetech.ca\/index.php?rest_route=%2Fwp%2Fv2%2Fmedia&parent=30625"}],"wp:term":[{"taxonomy":"category","embeddable":true,"href":"https:\/\/smartedgetech.ca\/index.php?rest_route=%2Fwp%2Fv2%2Fcategories&post=30625"},{"taxonomy":"post_tag","embeddable":true,"href":"https:\/\/smartedgetech.ca\/index.php?rest_route=%2Fwp%2Fv2%2Ftags&post=30625"}],"curies":[{"name":"wp","href":"https:\/\/api.w.org\/{rel}","templated":true}]}}